{"id":1339,"date":"2022-06-01T10:00:07","date_gmt":"2022-06-01T10:00:07","guid":{"rendered":"https:\/\/www.greg.pl\/blog\/?p=1339"},"modified":"2022-06-01T10:00:08","modified_gmt":"2022-06-01T10:00:08","slug":"5-nagrod-na-koniec-przedszkola","status":"publish","type":"post","link":"https:\/\/www.greg.pl\/blog\/5-nagrod-na-koniec-przedszkola\/","title":{"rendered":"5 PROPOZYCJI NAGR\u00d3D NA KONIEC PRZEDSZKOLA"},"content":{"rendered":"\n<p>Zako\u0144czenie nauki w przedszkolu to bardzo wa\u017cny moment w \u017cyciu sze\u015bciolatka. Z jednej strony dla wielu dzieci to moment niepokoju o nieznan\u0105 przysz\u0142o\u015b\u0107 \u2013 szko\u0142\u0119, nowych koleg\u00f3w, nowe zadania i ca\u0142y nieznany szkolny \u015bwiat. Z drugiej wiele dzieci czuje si\u0119 w\u00f3wczas dumnych i doros\u0142ych, poniewa\u017c nie s\u0105 ju\u017c maluszkami, lecz zaraz, za moment b\u0119d\u0105 pe\u0142noprawnymi, powa\u017cnymi uczniami. Warto podbudowa\u0107 w nich t\u0119 pewno\u015b\u0107 siebie, wr\u0119czaj\u0105c na uroczysto\u015bci zako\u0144czenia roku w przedszkolu odpowiedni\u0105 <strong>nagrod\u0119, kt\u00f3ra pozwoli poczu\u0107 si\u0119 m\u0105drym i nabra\u0107 ch\u0119ci do \u015bmia\u0142ego wej\u015bcia w szkolne progi<\/strong>. Tak\u0105 rol\u0119 bez problemu spe\u0142ni <strong>ksi\u0105\u017cka \u2013 odpowiednio wybrana i zawieraj\u0105ca odpowiednie tre\u015bci<\/strong>. Poni\u017cej przedstawiamy kilka wr\u0119cz idealnych propozycji.<\/p>\n\n\n\n<h2 class=\"wp-block-heading\"><strong><em>Elementarz \u2013 czytamy bajki metod\u0105 sylabow\u0105<\/em><\/strong><\/h2>\n\n\n\n<p>Jaka umiej\u0119tno\u015b\u0107 jest kluczowa, by poczu\u0107 si\u0119 pewnie i swobodnie w szkolnej \u0142awie? Oczywi\u015bcie czytanie! Dzieci opanowuj\u0105 je w pierwszej klasie, ale wiele maluch\u00f3w posiada podstawy tej zdolno\u015bci ju\u017c w przedszkolu, znaj\u0105 literki i potrafi\u0105 sk\u0142ada\u0107 przynajmniej proste wyrazy. Nic tak nie sprawdzi si\u0119 we wsparciu tej umiej\u0119tno\u015bci, jak <em><a href=\"https:\/\/www.greg.pl\/dla-dzieci\/58,621_Elementarz-czytamy-bajki-metoda-sylabowa.html\">Elementarz \u2013 czytamy bajki metod\u0105 sylabow\u0105<\/a><\/em>. U\u017cyta w nim <strong>metoda sylabowa<\/strong> oparta jest o nauk\u0119 czytania sylabami, bez k\u0142opotliwego zg\u0142oskowania, w spos\u00f3b podobny do nauki mowy, kt\u00f3ra jest przecie\u017c procesem intuicyjnym \u2013 i dlatego jest to <strong>naj\u0142atwiejsza, najbardziej zrozumia\u0142a i najszybsza metoda nauki czytania<\/strong>. Dodatkowo elementarz zawiera w drugiej cz\u0119\u015bci <strong>klasyczne wiersze dla dzieci<\/strong>, znanych autor\u00f3w takich, jak Ignacy Krasicki, Maria Konopnicka czy Aleksander Fredro. \u0141atwo wyobrazi\u0107 sobie, jak szcz\u0119\u015bliwy b\u0119dzie pierwszak, gdy odkryje, \u017ce jest najlepszy w klasie w czytaniu!<\/p>\n\n\n\n<div class=\"wp-block-image\"><figure class=\"aligncenter size-full is-resized\"><a href=\"https:\/\/www.greg.pl\/dla-dzieci\/58,621_Elementarz-czytamy-bajki-metoda-sylabowa.html\"><img decoding=\"async\" src=\"https:\/\/www.greg.pl\/blog\/wp-content\/uploads\/2022\/06\/Elementarz-czytamy-bajki-metoda-sylabowa-EAN-9788375173802-kod-ELBM-okladka-3d-1000px.jpg\" alt=\"\" class=\"wp-image-1341\" width=\"378\" height=\"572\" srcset=\"https:\/\/www.greg.pl\/blog\/wp-content\/uploads\/2022\/06\/Elementarz-czytamy-bajki-metoda-sylabowa-EAN-9788375173802-kod-ELBM-okladka-3d-1000px.jpg 1000w, https:\/\/www.greg.pl\/blog\/wp-content\/uploads\/2022\/06\/Elementarz-czytamy-bajki-metoda-sylabowa-EAN-9788375173802-kod-ELBM-okladka-3d-1000px-675x1024.jpg 675w, https:\/\/www.greg.pl\/blog\/wp-content\/uploads\/2022\/06\/Elementarz-czytamy-bajki-metoda-sylabowa-EAN-9788375173802-kod-ELBM-okladka-3d-1000px-768x1164.jpg 768w, https:\/\/www.greg.pl\/blog\/wp-content\/uploads\/2022\/06\/Elementarz-czytamy-bajki-metoda-sylabowa-EAN-9788375173802-kod-ELBM-okladka-3d-1000px-750x1137.jpg 750w\" sizes=\"(max-width: 378px) 100vw, 378px\" \/><\/a><\/figure><\/div>\n\n\n\n<figure class=\"wp-block-image size-full is-resized\"><a href=\"https:\/\/www.greg.pl\/dla-dzieci\/58,621_Elementarz-czytamy-bajki-metoda-sylabowa.html\"><img decoding=\"async\" src=\"https:\/\/www.greg.pl\/blog\/wp-content\/uploads\/2022\/06\/image.png\" alt=\"\" class=\"wp-image-1340\" width=\"1167\" height=\"796\" srcset=\"https:\/\/www.greg.pl\/blog\/wp-content\/uploads\/2022\/06\/image.png 1389w, https:\/\/www.greg.pl\/blog\/wp-content\/uploads\/2022\/06\/image-1024x699.png 1024w, https:\/\/www.greg.pl\/blog\/wp-content\/uploads\/2022\/06\/image-768x524.png 768w, https:\/\/www.greg.pl\/blog\/wp-content\/uploads\/2022\/06\/image-750x512.png 750w, https:\/\/www.greg.pl\/blog\/wp-content\/uploads\/2022\/06\/image-1140x778.png 1140w\" sizes=\"(max-width: 1167px) 100vw, 1167px\" \/><\/a><\/figure>\n\n\n\n<h2 class=\"wp-block-heading\"><strong><em>M\u0105dre bajki \u2013 wydanie specjalne<\/em><\/strong><\/h2>\n\n\n\n<p>Dziecko ko\u0144cz\u0105ce przedszkole posiada ju\u017c sporo <strong>umiej\u0119tno\u015bci spo\u0142ecznych dotycz\u0105cych funkcjonowania w grupie<\/strong>, do\u015bwiadczy\u0142o ju\u017c zar\u00f3wno pierwszych konflikt\u00f3w, jak i zawar\u0142o liczne przyja\u017anie. Teraz czeka je nowa przygoda, jak\u0105 jest do\u0142\u0105czenie do nowej klasy, do grupy dzieci, pomi\u0119dzy kt\u00f3rymi nie zna wszystkich i musi poradzi\u0107 sobie z zawieraniem nowych znajomo\u015bci. <em><a href=\"https:\/\/www.greg.pl\/dla-dzieci\/129,1216_Madre-bajki-wydanie-specjalne.html\">M\u0105dre bajki<\/a> <\/em>to ksi\u0105\u017cka, kt\u00f3ra b\u0119dzie doskona\u0142\u0105 lektur\u0105 na wakacje poprzedzaj\u0105ce nauk\u0119 \u2013 porusza wiele wa\u017cnych temat\u00f3w, takich jak <strong>tolerancja, akceptacja, warto\u015b\u0107 przyja\u017ani, wytrwa\u0142o\u015b\u0107, wiara w siebie, zazdro\u015b\u0107 czy indywidualno\u015b\u0107<\/strong>. Bohaterowie zawartych w <em>M\u0105drych bajkach<\/em> historii poka\u017c\u0105, <strong>jak radzi\u0107 sobie z problemami, jak budowa\u0107 pewno\u015b\u0107 siebie, jak nawi\u0105zywa\u0107 pozytywne relacje<\/strong> z innymi. Wielkim atutem ksi\u0105\u017cki jest jej du\u017cy format i przepi\u0119kne, nastrojowe i klimatyczne ilustracje. Ka\u017cde z opowiada\u0144 jest te\u017c doskona\u0142\u0105 okazj\u0105 do d\u0142ugich i ciekawych rozm\u00f3w z dzieckiem!<\/p>\n\n\n\n<figure class=\"wp-block-embed is-type-video is-provider-youtube wp-block-embed-youtube wp-embed-aspect-16-9 wp-has-aspect-ratio\"><div class=\"wp-block-embed__wrapper\">\n<div class=\"jeg_video_container jeg_video_content\"><iframe loading=\"lazy\" title=\"M\u0105dre bajki - wydanie specjalne\" width=\"500\" height=\"281\" src=\"https:\/\/www.youtube.com\/embed\/6-0Xh8D9m1M?feature=oembed\" frameborder=\"0\" allow=\"accelerometer; autoplay; clipboard-write; encrypted-media; gyroscope; picture-in-picture; web-share\" referrerpolicy=\"strict-origin-when-cross-origin\" allowfullscreen><\/iframe><\/div>\n<\/div><\/figure>\n\n\n\n<h2 class=\"wp-block-heading\"><strong><em>Wielka ksi\u0119ga zagadek i \u0142amig\u0142\u00f3wek<\/em><\/strong><\/h2>\n\n\n\n<p>Sze\u015bciolatki kochaj\u0105 zagadki, \u0142amig\u0142\u00f3wki, rebusy! Najlepsze za\u015b s\u0105 takie, kt\u00f3re zaanga\u017cuj\u0105 je, postawi\u0105 przed wyzwaniem i dadz\u0105 satysfakcj\u0119 z rozwi\u0105zania. <em><a href=\"https:\/\/www.greg.pl\/dla-dzieci\/129,1020_Wielka-ksiega-zagadek-i-lamiglowek.html\">Wielka ksi\u0119ga zagadek i \u0142amig\u0142\u00f3wek<\/a><\/em> zabierze dziecko w fascynuj\u0105c\u0105 podr\u00f3\u017c przez r\u00f3\u017cne \u015bwiaty, w kt\u00f3rych czekaj\u0105 <strong>niezwyk\u0142e zadania \u2013 labirynty, dopasowywanie r\u00f3\u017cnic, rebusy, szyfry, zagadki logiczne<\/strong>, ciekawe kolorowanki. Ksi\u0105\u017cka podzielona jest na <strong>dzia\u0142y tematyczne<\/strong>, wi\u0119c ka\u017cde dziecko znajdzie co\u015b dla siebie \u2013 jest tu m.in. rozdzia\u0142 o zwierz\u0119tach, o dinozaurach, o straszyd\u0142ach i potworach, o rycerzach i ksi\u0119\u017cniczkach, o kosmosie czy o pojazdach. Zadania nie tylko zapewniaj\u0105 \u015bwietn\u0105 zabaw\u0119, ale te\u017c <strong>rozwijaj\u0105 koncentracj\u0119, wspieraj\u0105 zdolno\u015b\u0107 logicznego my\u015blenia i kojarzenia fakt\u00f3w, pozwalaj\u0105 \u0107wiczy\u0107 spostrzegawczo\u015b\u0107<\/strong>, motywuj\u0105 do dzia\u0142ania i buduj\u0105 pewno\u015b\u0107 siebie opart\u0105 na poczuciu odniesionego sukcesu. Ogromnym atutem jest te\u017c przepi\u0119kna, dopracowana w najmniejszym szczeg\u00f3le oprawa graficzna \u2013 ta ksi\u0105\u017cka to prawdziwe arcydzie\u0142o!<\/p>\n\n\n\n<figure class=\"wp-block-embed is-type-video is-provider-youtube wp-block-embed-youtube wp-embed-aspect-16-9 wp-has-aspect-ratio\"><div class=\"wp-block-embed__wrapper\">\n<div class=\"jeg_video_container jeg_video_content\"><iframe loading=\"lazy\" title=\"Wielka ksi\u0119ga zagadek i \u0142amig\u0142\u00f3wek\" width=\"500\" height=\"281\" src=\"https:\/\/www.youtube.com\/embed\/n6kPFRyOrHQ?feature=oembed\" frameborder=\"0\" allow=\"accelerometer; autoplay; clipboard-write; encrypted-media; gyroscope; picture-in-picture; web-share\" referrerpolicy=\"strict-origin-when-cross-origin\" allowfullscreen><\/iframe><\/div>\n<\/div><\/figure>\n\n\n\n<h2 class=\"wp-block-heading\"><strong><em>Piosenki dla dzieci na ka\u017cdy dzie\u0144<\/em><\/strong><\/h2>\n\n\n\n<p>Wi\u0119kszo\u015b\u0107 dzieci uwielbia \u015bpiewa\u0107 \u2013 a nawet te, kt\u00f3re nie lubi\u0105, ch\u0119tnie s\u0142uchaj\u0105 \u0142adnych i mi\u0142ych dla ucha piosenek. Z tego powodu doskona\u0142ym prezentem na zako\u0144czenie nauki w przedszkolu b\u0119d\u0105 <a href=\"https:\/\/www.greg.pl\/dla-dzieci\/128,1018_Piosenki-dla-dzieci-na-kazdy-dzien.html\"><em>Piosenki dla dzieci na ka\u017cdy dzie\u0144<\/em> <\/a>\u2013 wielki zbi\u00f3r piosenek, zar\u00f3wno <strong>klasycznych przeboj\u00f3w dla dzieci<\/strong> znanych od wielu lat, jak i <strong>zupe\u0142nie nowych utwor\u00f3w<\/strong>, skomponowanych i napisanych specjalnie do tej ksi\u0105\u017cki. S\u0105 tu <strong>piosenki na rozmaite okazje<\/strong>, od Bo\u017cego Narodzenia do Dnia Matki, a tak\u017ce piosenki tematyczne, np. o zwierz\u0119tach, o porach roku, a nawet o myciu z\u0119b\u00f3w; s\u0105 te\u017c takie mi\u0119dzypokoleniowe szlagiery, jak <em>Jedzie poci\u0105g z daleka<\/em>, <em>Krakowiaczek jeden<\/em> czy <em>Stokrotka<\/em>. Ka\u017cda strona ksi\u0105\u017cki jest przepi\u0119knie ilustrowana, wi\u0119c dodatkow\u0105 atrakcj\u0105 jest szata graficzna. Na <strong>dw\u00f3ch do\u0142\u0105czonych p\u0142ytach<\/strong> znajduj\u0105 si\u0119 wersje wokalne i instrumentalne cz\u0119\u015bci utwor\u00f3w, za\u015b wszystkie dost\u0119pne s\u0105 na specjalnie przygotowanej stronie internetowej. Ka\u017cdy ma\u0142y mi\u0142o\u015bnik \u015bpiewu i muzyki b\u0119dzie zachwycony takim prezentem!<\/p>\n\n\n\n<figure class=\"wp-block-embed is-type-video is-provider-youtube wp-block-embed-youtube wp-embed-aspect-16-9 wp-has-aspect-ratio\"><div class=\"wp-block-embed__wrapper\">\n<div class=\"jeg_video_container jeg_video_content\"><iframe loading=\"lazy\" title=\"Piosenki dla dzieci na ka\u017cdy dzie\u0144\" width=\"500\" height=\"281\" src=\"https:\/\/www.youtube.com\/embed\/mhVxB7WS-H8?feature=oembed\" frameborder=\"0\" allow=\"accelerometer; autoplay; clipboard-write; encrypted-media; gyroscope; picture-in-picture; web-share\" referrerpolicy=\"strict-origin-when-cross-origin\" allowfullscreen><\/iframe><\/div>\n<\/div><\/figure>\n\n\n\n<h2 class=\"wp-block-heading\"><strong><em>Doktor Dolittle i jego zwierz\u0119ta<\/em><\/strong><\/h2>\n\n\n\n<p>Nie ma lepszej metody na rozbudzenie w dziecku mi\u0142o\u015bci do czytania, ni\u017c podsuni\u0119cie mu klasyki literatury dzieci\u0119cej. Istnieje wiele powie\u015bci dla dzieci, kt\u00f3re s\u0105 odpowiednie ju\u017c dla sze\u015bciolatk\u00f3w, zaciekawi\u0105 je od pierwszej strony oraz pozytywnie zainspiruj\u0105. Jedn\u0105 z nich jest <em><a href=\"https:\/\/www.greg.pl\/lektury\/103,999_Doktor-Dolittle-i-jego-zwierzeta.html\">Doktor Dolittle i jego zwierz\u0119ta<\/a><\/em> \u2013 powie\u015b\u0107 zaliczaj\u0105ca si\u0119 do <strong>kanonu literatury dzieci\u0119cej<\/strong>, opowiadaj\u0105ca o sympatycznym doktorze znaj\u0105cym mow\u0119 zwierz\u0105t, pe\u0142na niesamowitych przyg\u00f3d, kt\u00f3ra <strong>uczy wra\u017cliwo\u015bci na \u015bwiat oraz g\u0142\u0119bokiej mi\u0142o\u015bci, szacunku i zrozumienia dla zwierz\u0105t<\/strong>. Wydanie w serii Kolorowa Klasyka zachwyci malucha tak\u017ce przepi\u0119knymi, bardzo ciep\u0142ymi ilustracjami. Nie bez znaczenia jest te\u017c fakt, \u017ce powie\u015b\u0107 ta to <strong>lektura szkolna<\/strong> \u2013 warto wcze\u015bniej pokaza\u0107 dziecku, \u017ce ksi\u0105\u017cki, kt\u00f3re b\u0119dzie czyta\u0142o w szkole, mog\u0105 by\u0107 ciekawe, a czas sp\u0119dzony nad ich kartkami mo\u017ce by\u0107 przyjemno\u015bci\u0105.<\/p>\n\n\n\n<figure class=\"wp-block-image size-full\"><a href=\"https:\/\/www.greg.pl\/lektury\/103,999_Doktor-Dolittle-i-jego-zwierzeta.html\"><img decoding=\"async\" width=\"2560\" height=\"1707\" src=\"https:\/\/www.greg.pl\/blog\/wp-content\/uploads\/2022\/06\/IMG_1267-scaled.jpg\" alt=\"\" class=\"wp-image-1342\" srcset=\"https:\/\/www.greg.pl\/blog\/wp-content\/uploads\/2022\/06\/IMG_1267-scaled.jpg 2560w, https:\/\/www.greg.pl\/blog\/wp-content\/uploads\/2022\/06\/IMG_1267-2048x1365.jpg 2048w, https:\/\/www.greg.pl\/blog\/wp-content\/uploads\/2022\/06\/IMG_1267-1024x683.jpg 1024w, https:\/\/www.greg.pl\/blog\/wp-content\/uploads\/2022\/06\/IMG_1267-768x512.jpg 768w, https:\/\/www.greg.pl\/blog\/wp-content\/uploads\/2022\/06\/IMG_1267-1536x1024.jpg 1536w, https:\/\/www.greg.pl\/blog\/wp-content\/uploads\/2022\/06\/IMG_1267-750x500.jpg 750w, https:\/\/www.greg.pl\/blog\/wp-content\/uploads\/2022\/06\/IMG_1267-1140x760.jpg 1140w\" sizes=\"(max-width: 2560px) 100vw, 2560px\" \/><\/a><\/figure>\n\n\n\n<figure class=\"wp-block-image size-full\"><a href=\"https:\/\/www.greg.pl\/lektury\/103,999_Doktor-Dolittle-i-jego-zwierzeta.html\"><img decoding=\"async\" width=\"2560\" height=\"1978\" src=\"https:\/\/www.greg.pl\/blog\/wp-content\/uploads\/2022\/06\/IMG_1268-scaled.jpg\" alt=\"\" class=\"wp-image-1343\" srcset=\"https:\/\/www.greg.pl\/blog\/wp-content\/uploads\/2022\/06\/IMG_1268-scaled.jpg 2560w, https:\/\/www.greg.pl\/blog\/wp-content\/uploads\/2022\/06\/IMG_1268-2048x1582.jpg 2048w, https:\/\/www.greg.pl\/blog\/wp-content\/uploads\/2022\/06\/IMG_1268-1024x791.jpg 1024w, https:\/\/www.greg.pl\/blog\/wp-content\/uploads\/2022\/06\/IMG_1268-768x593.jpg 768w, https:\/\/www.greg.pl\/blog\/wp-content\/uploads\/2022\/06\/IMG_1268-1536x1187.jpg 1536w, https:\/\/www.greg.pl\/blog\/wp-content\/uploads\/2022\/06\/IMG_1268-750x579.jpg 750w, https:\/\/www.greg.pl\/blog\/wp-content\/uploads\/2022\/06\/IMG_1268-1140x881.jpg 1140w\" sizes=\"(max-width: 2560px) 100vw, 2560px\" \/><\/a><\/figure>\n\n\n\n<p class=\"has-medium-font-size\"> Wi\u0119cej propozycji nagr\u00f3d ksi\u0105\u017ckowych dla dzieci w szkole podstawowej znajdziesz tutaj: <\/p>\n\n\n\n<figure class=\"wp-block-image size-full\"><a href=\"https:\/\/www.greg.pl\/szkola\/k58_NAGRODY-dla-PODSTAWOWEK.html\"><img decoding=\"async\" width=\"792\" height=\"250\" src=\"https:\/\/www.greg.pl\/blog\/wp-content\/uploads\/2022\/05\/nagrody-dla-podstawowki-792x250_03.jpg\" alt=\"\" class=\"wp-image-1295\" srcset=\"https:\/\/www.greg.pl\/blog\/wp-content\/uploads\/2022\/05\/nagrody-dla-podstawowki-792x250_03.jpg 792w, https:\/\/www.greg.pl\/blog\/wp-content\/uploads\/2022\/05\/nagrody-dla-podstawowki-792x250_03-768x242.jpg 768w, https:\/\/www.greg.pl\/blog\/wp-content\/uploads\/2022\/05\/nagrody-dla-podstawowki-792x250_03-750x237.jpg 750w\" sizes=\"(max-width: 792px) 100vw, 792px\" \/><\/a><\/figure>\n\n\n\n<p class=\"has-small-font-size\">Zdj\u0119cia i wideo: Andrzej Mysiak<\/p>\n","protected":false},"excerpt":{"rendered":"<p>Zako\u0144czenie nauki w przedszkolu to bardzo wa\u017cny moment w \u017cyciu sze\u015bciolatka. Warto podbudowa\u0107 w dzieciach pewno\u015b\u0107 siebie, wr\u0119czaj\u0105c na uroczysto\u015bci zako\u0144czenia roku w przedszkolu odpowiedni\u0105 nagrod\u0119, kt\u00f3ra pozwoli poczu\u0107 si\u0119 m\u0105drym i nabra\u0107 ch\u0119ci do \u015bmia\u0142ego wej\u015bcia w szkolne progi. Tak\u0105 rol\u0119 bez problemu spe\u0142ni ksi\u0105\u017cka \u2013 odpowiednio wybrana i zawieraj\u0105ca odpowiednie tre\u015bci. <\/p>\n","protected":false},"author":4,"featured_media":1346,"comment_status":"closed","ping_status":"closed","sticky":false,"template":"","format":"standard","meta":{"_acf_changed":false,"iawp_total_views":56,"jnews-multi-image_gallery":[],"jnews_single_post":{"subtitle":"","format":"standard","video":"","gallery":"","source_name":"","source_url":"","via_name":"","via_url":"","override":[{"template":"1","single_blog_custom":"","parallax":"1","fullscreen":"1","layout":"right-sidebar","sidebar":"default-sidebar","second_sidebar":"default-sidebar","sticky_sidebar":"1","share_position":"top","share_float_style":"share-monocrhome","show_share_counter":"1","show_view_counter":"1","show_featured":"1","show_post_meta":"1","show_post_author":"1","show_post_author_image":"1","show_post_date":"1","post_date_format":"default","post_date_format_custom":"Y\/m\/d","show_post_category":"1","post_reading_time_wpm":"300","zoom_button_out_step":"2","zoom_button_in_step":"3","show_post_tag":"1","show_prev_next_post":"1","show_popup_post":"1","number_popup_post":"1"}],"image_override":[{"single_post_thumbnail_size":"crop-500","single_post_gallery_size":"crop-500"}],"trending_post_position":"meta","trending_post_label":"Trending","sponsored_post_label":"Sponsorowany przez","sponsored_post_name":"","sponsored_post_url":"","sponsored_post_logo":"","sponsored_post_desc":""},"jnews_primary_category":{"id":""},"footnotes":""},"categories":[12,16,17],"tags":[191,232,28,293,20,271,281,294,22,292,23,289,291],"class_list":["post-1339","post","type-post","status-publish","format-standard","has-post-thumbnail","hentry","category-dla-dzieci","category-dla-przedszkolakow","category-dla-uczniow","tag-bajki","tag-czytanie","tag-dzieci","tag-elementarz","tag-ksiazki","tag-lamiglowki","tag-nagrody","tag-piosenki","tag-prezent","tag-przedszkolak","tag-przedszkole","tag-sylaby","tag-wierszyki"],"acf":[],"_links":{"self":[{"href":"https:\/\/www.greg.pl\/blog\/wp-json\/wp\/v2\/posts\/1339","targetHints":{"allow":["GET"]}}],"collection":[{"href":"https:\/\/www.greg.pl\/blog\/wp-json\/wp\/v2\/posts"}],"about":[{"href":"https:\/\/www.greg.pl\/blog\/wp-json\/wp\/v2\/types\/post"}],"author":[{"embeddable":true,"href":"https:\/\/www.greg.pl\/blog\/wp-json\/wp\/v2\/users\/4"}],"replies":[{"embeddable":true,"href":"https:\/\/www.greg.pl\/blog\/wp-json\/wp\/v2\/comments?post=1339"}],"version-history":[{"count":11,"href":"https:\/\/www.greg.pl\/blog\/wp-json\/wp\/v2\/posts\/1339\/revisions"}],"predecessor-version":[{"id":1355,"href":"https:\/\/www.greg.pl\/blog\/wp-json\/wp\/v2\/posts\/1339\/revisions\/1355"}],"wp:featuredmedia":[{"embeddable":true,"href":"https:\/\/www.greg.pl\/blog\/wp-json\/wp\/v2\/media\/1346"}],"wp:attachment":[{"href":"https:\/\/www.greg.pl\/blog\/wp-json\/wp\/v2\/media?parent=1339"}],"wp:term":[{"taxonomy":"category","embeddable":true,"href":"https:\/\/www.greg.pl\/blog\/wp-json\/wp\/v2\/categories?post=1339"},{"taxonomy":"post_tag","embeddable":true,"href":"https:\/\/www.greg.pl\/blog\/wp-json\/wp\/v2\/tags?post=1339"}],"curies":[{"name":"wp","href":"https:\/\/api.w.org\/{rel}","templated":true}]}}