{"id":2352,"date":"2026-08-28T14:42:18","date_gmt":"2026-08-28T14:42:18","guid":{"rendered":"https:\/\/www.greg.pl\/blog\/?p=2352"},"modified":"2026-08-28T14:43:04","modified_gmt":"2026-08-28T14:43:04","slug":"kompas-jutra-zmiany-w-podstawie-programowej-na-rok-2026-2027-co-powinni-wiedziec-rodzice","status":"publish","type":"post","link":"https:\/\/www.greg.pl\/blog\/kompas-jutra-zmiany-w-podstawie-programowej-na-rok-2026-2027-co-powinni-wiedziec-rodzice\/","title":{"rendered":"Kompas Jutra \u2013 zmiany w podstawie programowej na rok 2026\/2027. Co powinni wiedzie\u0107 rodzice?"},"content":{"rendered":"<p>Od 1 wrze\u015bnia 2026 r. rozpocz\u0119\u0142o si\u0119 stopniowe wdra\u017canie nowej podstawy programowej przygotowanej w ramach reformy <strong>\u201eKompas Jutra\u201d<\/strong>. Zmiany obejmuj\u0105 przede wszystkim przedszkola oraz klasy I i IV szk\u00f3\u0142 podstawowych. W szko\u0142ach \u015brednich nowa podstawa pojawi si\u0119 dopiero od wrze\u015bnia 2027 r.<\/p>\n<h2>Nowa podstawa w przedszkolu \u2013 wi\u0119cej praktycznych do\u015bwiadcze\u0144 i mniej ekran\u00f3w<\/h2>\n<p>Nowa podstawa programowa obowi\u0105zuje wszystkie przedszkola od roku szkolnego 2026\/2027.<\/p>\n<p>Najwa\u017cniejsze zmiany:<\/p>\n<ul>\n<li>wi\u0119kszy nacisk na rozw\u00f3j spo\u0142eczny, emocjonalny i komunikacyjny dziecka,<\/li>\n<li>wi\u0119cej praktycznych do\u015bwiadcze\u0144 i aktywno\u015bci rozwijaj\u0105cych samodzielno\u015b\u0107,<\/li>\n<li>wzmacnianie wsp\u00f3\u0142pracy i umiej\u0119tno\u015bci dzia\u0142ania w grupie,<\/li>\n<li>ograniczenie korzystania z narz\u0119dzi ekranowych wy\u0142\u0105cznie do cel\u00f3w dydaktycznych,<\/li>\n<li>promowanie higieny cyfrowej i aktywno\u015bci poza ekranem.<\/li>\n<\/ul>\n<h2>Nowa podstawa w szkole podstawowej \u2013 na razie klasy I i IV<\/h2>\n<p>Nowa podstawa programowa jest wdra\u017cana stopniowo. W roku szkolnym 2026\/2027 obejmuje wy\u0142\u0105cznie klasy I i IV szko\u0142y podstawowej. Pozosta\u0142e klasy ucz\u0105 si\u0119 jeszcze wed\u0142ug dotychczasowych zasad.<\/p>\n<p>Najwa\u017cniejsze zmiany:<\/p>\n<ul>\n<li>wi\u0119kszy nacisk na praktyczne wykorzystanie wiedzy,<\/li>\n<li>rozwijanie umiej\u0119tno\u015bci rozwi\u0105zywania problem\u00f3w,<\/li>\n<li>wi\u0119cej pracy zespo\u0142owej i projektowej,<\/li>\n<li>wzmacnianie kompetencji cyfrowych,<\/li>\n<li>rozwijanie krytycznego my\u015blenia i kreatywno\u015bci,<\/li>\n<li>wi\u0119ksze znaczenie samodzielno\u015bci ucznia.<\/li>\n<\/ul>\n<p>Dla rodzic\u00f3w najwa\u017cniejsza informacja jest jednak taka, \u017ce <strong>nie dosz\u0142o do rewolucyjnych zmian w tre\u015bciach nauczania<\/strong>. Nie znikn\u0119\u0142y podstawowe dzia\u0142y matematyki, j\u0119zyka polskiego czy przyrody \u2013 zmieni\u0142 si\u0119 przede wszystkim spos\u00f3b kszta\u0142cenia i akcent po\u0142o\u017cony na praktyczne umiej\u0119tno\u015bci.<\/p>\n<h2>Szko\u0142y \u015brednie \u2013 bez zmian w roku szkolnym 2026\/2027<\/h2>\n<p>Uczniowie lice\u00f3w, technik\u00f3w i szk\u00f3\u0142 bran\u017cowych rozpoczynaj\u0105cy nauk\u0119 w roku szkolnym 2026\/2027 ucz\u0105 si\u0119 jeszcze wed\u0142ug dotychczasowej podstawy programowej.<\/p>\n<p>Warto jednak wiedzie\u0107, \u017ce:<\/p>\n<ul>\n<li>nowa podstawa programowa dla szk\u00f3\u0142 ponadpodstawowych wejdzie od wrze\u015bnia 2027 r.,<\/li>\n<li>obejmie najpierw klasy pierwsze,<\/li>\n<li>kolejne roczniki b\u0119d\u0105 przechodzi\u0142y na nowe zasady stopniowo,<\/li>\n<li>docelowo zmieni\u0105 si\u0119 r\u00f3wnie\u017c formu\u0142y egzamin\u00f3w zewn\u0119trznych.<\/li>\n<\/ul>\n<h2>Co to oznacza dla rodzic\u00f3w?<\/h2>\n<ul>\n<li><strong>Nie ma potrzeby wymiany wszystkich materia\u0142\u00f3w edukacyjnych. <\/strong><\/li>\n<li>Dotychczasowe umiej\u0119tno\u015bci i wiedza nadal pozostaj\u0105 aktualne.<\/li>\n<li>Warto wspiera\u0107 dziecko w rozwijaniu samodzielno\u015bci, wsp\u00f3\u0142pracy i krytycznego my\u015blenia.<\/li>\n<li>Najwa\u017cniejsze przed nowym rokiem szkolnym jest spokojne przygotowanie dziecka do nauki i odbudowanie szkolnego rytmu po wakacjach.<\/li>\n<\/ul>\n<p><img decoding=\"async\" class=\"alignnone size-full wp-image-2353\" src=\"https:\/\/www.greg.pl\/blog\/wp-content\/uploads\/2026\/08\/kolorowe-biurko-szkola.png\" alt=\"\" width=\"672\" height=\"447\" \/><\/p>\n<p>Nowa podstawa programowa ma przede wszystkim pom\u00f3c dzieciom lepiej wykorzystywa\u0107 wiedz\u0119 w praktyce, rozwija\u0107 kompetencje spo\u0142eczne oraz przygotowywa\u0107 si\u0119 do wyzwa\u0144 wsp\u00f3\u0142czesnego \u015bwiata.<\/p>\n<p>&nbsp;<\/p>\n<p><em>Zdj\u0119cia:<\/em><\/p>\n<p><em>shutterstock.com\/Joanna Dorota<\/em><\/p>\n<p><em>shutterstock.com\/piosi<\/em><\/p>\n","protected":false},"excerpt":{"rendered":"<p>Od 1 wrze\u015bnia 2026 r. rozpocz\u0119\u0142o si\u0119 stopniowe wdra\u017canie nowej podstawy programowej przygotowanej w ramach reformy \u201eKompas Jutra\u201d. Zmiany obejmuj\u0105 przede wszystkim przedszkola oraz klasy I i IV szk\u00f3\u0142 podstawowych. W szko\u0142ach \u015brednich nowa podstawa pojawi si\u0119 dopiero od wrze\u015bnia 2027 r. Nowa podstawa w przedszkolu \u2013 wi\u0119cej praktycznych do\u015bwiadcze\u0144 i mniej ekran\u00f3w Nowa podstawa [&hellip;]<\/p>\n","protected":false},"author":8,"featured_media":2354,"comment_status":"open","ping_status":"closed","sticky":false,"template":"","format":"standard","meta":{"_acf_changed":false,"iawp_total_views":4,"jnews-multi-image_gallery":[],"jnews_single_post":[],"jnews_primary_category":[],"footnotes":""},"categories":[650],"tags":[529,652,490,654,642,651,609,655,280,656,25,657,653],"class_list":["post-2352","post","type-post","status-publish","format-standard","has-post-thumbnail","hentry","category-dla-rodzicow","tag-edukacja-przedszkolna","tag-kompas-jutra","tag-materialy-edukacyjne","tag-nowa-podstawa-programowa","tag-nowy-rok-szkolny","tag-reforma","tag-rodzice","tag-rok-szkolny-2026-2027","tag-szkola-podstawowa","tag-szkola-srednia","tag-uczniowie","tag-wiedza-w-praktyce","tag-zmiany-w-podstawie-programowej"],"acf":[],"_links":{"self":[{"href":"https:\/\/www.greg.pl\/blog\/wp-json\/wp\/v2\/posts\/2352","targetHints":{"allow":["GET"]}}],"collection":[{"href":"https:\/\/www.greg.pl\/blog\/wp-json\/wp\/v2\/posts"}],"about":[{"href":"https:\/\/www.greg.pl\/blog\/wp-json\/wp\/v2\/types\/post"}],"author":[{"embeddable":true,"href":"https:\/\/www.greg.pl\/blog\/wp-json\/wp\/v2\/users\/8"}],"replies":[{"embeddable":true,"href":"https:\/\/www.greg.pl\/blog\/wp-json\/wp\/v2\/comments?post=2352"}],"version-history":[{"count":1,"href":"https:\/\/www.greg.pl\/blog\/wp-json\/wp\/v2\/posts\/2352\/revisions"}],"predecessor-version":[{"id":2355,"href":"https:\/\/www.greg.pl\/blog\/wp-json\/wp\/v2\/posts\/2352\/revisions\/2355"}],"wp:featuredmedia":[{"embeddable":true,"href":"https:\/\/www.greg.pl\/blog\/wp-json\/wp\/v2\/media\/2354"}],"wp:attachment":[{"href":"https:\/\/www.greg.pl\/blog\/wp-json\/wp\/v2\/media?parent=2352"}],"wp:term":[{"taxonomy":"category","embeddable":true,"href":"https:\/\/www.greg.pl\/blog\/wp-json\/wp\/v2\/categories?post=2352"},{"taxonomy":"post_tag","embeddable":true,"href":"https:\/\/www.greg.pl\/blog\/wp-json\/wp\/v2\/tags?post=2352"}],"curies":[{"name":"wp","href":"https:\/\/api.w.org\/{rel}","templated":true}]}}