{"id":682,"date":"2021-11-22T12:18:05","date_gmt":"2021-11-22T12:18:05","guid":{"rendered":"https:\/\/www.greg.pl\/blog\/?p=682"},"modified":"2021-11-30T13:36:22","modified_gmt":"2021-11-30T13:36:22","slug":"top5-mikolaj-szkola-20-zl","status":"publish","type":"post","link":"https:\/\/www.greg.pl\/blog\/top5-mikolaj-szkola-20-zl\/","title":{"rendered":"TOP 5 prezent\u00f3w od Miko\u0142aja dla klas 1\u20133 do 20 z\u0142"},"content":{"rendered":"\n<h5 class=\"wp-block-heading\">Miko\u0142aj pami\u0119ta nie tylko o najm\u0142odszych dzieciach, lecz r\u00f3wnie\u017c o tych troch\u0119 starszych, kt\u00f3re posz\u0142y ju\u017c do szko\u0142y. Czy kt\u00f3re\u015b z nich ucieszy\u0142oby si\u0119 z nowej, kolorowej ksi\u0105\u017cki? Na pewno! Co warto podarowa\u0107 uczniom klas 1-3?<\/h5>\n\n\n\n<h5 class=\"wp-block-heading\">Oto TOP 5 ksi\u0105\u017cek od Miko\u0142aja:<\/h5>\n\n\n\n<figure class=\"wp-block-image size-full\"><img decoding=\"async\" width=\"1949\" height=\"2151\" src=\"https:\/\/www.greg.pl\/blog\/wp-content\/uploads\/2021\/11\/Mikolaj-rozne-5_obraz_06.jpg\" alt=\"Zestaw ksi\u0105\u017cek\" class=\"wp-image-699\" srcset=\"https:\/\/www.greg.pl\/blog\/wp-content\/uploads\/2021\/11\/Mikolaj-rozne-5_obraz_06.jpg 1949w, https:\/\/www.greg.pl\/blog\/wp-content\/uploads\/2021\/11\/Mikolaj-rozne-5_obraz_06-1856x2048.jpg 1856w, https:\/\/www.greg.pl\/blog\/wp-content\/uploads\/2021\/11\/Mikolaj-rozne-5_obraz_06-928x1024.jpg 928w, https:\/\/www.greg.pl\/blog\/wp-content\/uploads\/2021\/11\/Mikolaj-rozne-5_obraz_06-768x848.jpg 768w, https:\/\/www.greg.pl\/blog\/wp-content\/uploads\/2021\/11\/Mikolaj-rozne-5_obraz_06-1392x1536.jpg 1392w, https:\/\/www.greg.pl\/blog\/wp-content\/uploads\/2021\/11\/Mikolaj-rozne-5_obraz_06-750x828.jpg 750w, https:\/\/www.greg.pl\/blog\/wp-content\/uploads\/2021\/11\/Mikolaj-rozne-5_obraz_06-1140x1258.jpg 1140w\" sizes=\"(max-width: 1949px) 100vw, 1949px\" \/><\/figure>\n\n\n\n<h2 class=\"wp-block-heading\">1. <strong><em>Czytanki metod\u0105 sylabow\u0105<\/em><\/strong><\/h2>\n\n\n\n<p>Ta ksi\u0105\u017cka to ogromne u\u0142atwienie dla wszystkich dzieci, kt\u00f3re zaczynaj\u0105 przygod\u0119 z czytaniem. Sprawdzi si\u0119 idealnie jako prezent dla uczni\u00f3w pierwszych klas szko\u0142y podstawowej. Pozycja ta zawiera teksty najbardziej znanych ba\u015bni przygotowane metod\u0105 sylabow\u0105, czyli z podzia\u0142em na sylaby i ze specjalnym oznaczeniem kolorami, co pomaga w nauce czytania i osi\u0105gni\u0119ciu p\u0142ynno\u015bci. Do ka\u017cdego tekstu ba\u015bni przygotowano tak\u017ce pytania sprawdzaj\u0105ce stopie\u0144 zrozumienia i zapami\u0119tania tekstu. Z tymi ksi\u0105\u017ckami nauka czytania mo\u017ce by\u0107 przyjemna!<\/p>\n\n\n\n<figure class=\"wp-block-image size-full is-resized\"><a href=\"https:\/\/www.greg.pl\/dla-dzieci\/58,856_Czytanki-metoda-sylabowa.html\"><img decoding=\"async\" src=\"https:\/\/www.greg.pl\/blog\/wp-content\/uploads\/2021\/11\/Mikolaj-elementarze-5_obraz_01-1.jpg\" alt=\"\" class=\"wp-image-736\" width=\"1168\" height=\"779\" srcset=\"https:\/\/www.greg.pl\/blog\/wp-content\/uploads\/2021\/11\/Mikolaj-elementarze-5_obraz_01-1.jpg 2508w, https:\/\/www.greg.pl\/blog\/wp-content\/uploads\/2021\/11\/Mikolaj-elementarze-5_obraz_01-1-2048x1365.jpg 2048w, https:\/\/www.greg.pl\/blog\/wp-content\/uploads\/2021\/11\/Mikolaj-elementarze-5_obraz_01-1-1024x683.jpg 1024w, https:\/\/www.greg.pl\/blog\/wp-content\/uploads\/2021\/11\/Mikolaj-elementarze-5_obraz_01-1-768x512.jpg 768w, https:\/\/www.greg.pl\/blog\/wp-content\/uploads\/2021\/11\/Mikolaj-elementarze-5_obraz_01-1-1536x1024.jpg 1536w, https:\/\/www.greg.pl\/blog\/wp-content\/uploads\/2021\/11\/Mikolaj-elementarze-5_obraz_01-1-750x500.jpg 750w, https:\/\/www.greg.pl\/blog\/wp-content\/uploads\/2021\/11\/Mikolaj-elementarze-5_obraz_01-1-1140x760.jpg 1140w\" sizes=\"(max-width: 1168px) 100vw, 1168px\" \/><\/a><\/figure>\n\n\n\n<h2 class=\"wp-block-heading\">2. <strong><em>Elementarz patrioty, czyli kocham Polsk\u0119<\/em><\/strong><\/h2>\n\n\n\n<p><strong><em><a href=\"https:\/\/www.greg.pl\/dla-dzieci\/153,1137_Elementarz-patrioty-czyli-kocham-Polske.html\" target=\"_blank\" rel=\"noreferrer noopener\">Elementarz patrioty<\/a><\/em><\/strong> to bogato ilustrowana ksi\u0105\u017cka, przybli\u017caj\u0105ca m\u0142odym czytelnikom polskie tradycje, histori\u0119 oraz kultur\u0119. Tre\u015bci hase\u0142 zaprezentowano za pomoc\u0105 wpadaj\u0105cych w ucho wierszyk\u00f3w, a przyst\u0119pna forma i przejrzysty podzia\u0142 tematyczny umo\u017cliwiaj\u0105 samodzielne odkrywanie tajemnic naszego kraju.<\/p>\n\n\n\n<figure class=\"wp-block-image size-full is-resized\"><a href=\"https:\/\/www.greg.pl\/dla-dzieci\/153_elementarze-madrego-dziecka.html\"><img decoding=\"async\" src=\"https:\/\/www.greg.pl\/blog\/wp-content\/uploads\/2021\/11\/IMG_0791_Elementarz-patrioty_obraz_02-1.jpg\" alt=\"\" class=\"wp-image-737\" width=\"1168\" height=\"779\" srcset=\"https:\/\/www.greg.pl\/blog\/wp-content\/uploads\/2021\/11\/IMG_0791_Elementarz-patrioty_obraz_02-1.jpg 2508w, https:\/\/www.greg.pl\/blog\/wp-content\/uploads\/2021\/11\/IMG_0791_Elementarz-patrioty_obraz_02-1-2048x1365.jpg 2048w, https:\/\/www.greg.pl\/blog\/wp-content\/uploads\/2021\/11\/IMG_0791_Elementarz-patrioty_obraz_02-1-1024x683.jpg 1024w, https:\/\/www.greg.pl\/blog\/wp-content\/uploads\/2021\/11\/IMG_0791_Elementarz-patrioty_obraz_02-1-768x512.jpg 768w, https:\/\/www.greg.pl\/blog\/wp-content\/uploads\/2021\/11\/IMG_0791_Elementarz-patrioty_obraz_02-1-1536x1024.jpg 1536w, https:\/\/www.greg.pl\/blog\/wp-content\/uploads\/2021\/11\/IMG_0791_Elementarz-patrioty_obraz_02-1-750x500.jpg 750w, https:\/\/www.greg.pl\/blog\/wp-content\/uploads\/2021\/11\/IMG_0791_Elementarz-patrioty_obraz_02-1-1140x760.jpg 1140w\" sizes=\"(max-width: 1168px) 100vw, 1168px\" \/><\/a><\/figure>\n\n\n\n<h2 class=\"wp-block-heading\">3. <em style=\"font-weight: bold;\">M\u00f3j pierwszy KODZIK xD<\/em><\/h2>\n\n\n\n<p>Wszystkie dzieci lubi\u0105 komputery i chc\u0105 wiedzie\u0107 wi\u0119cej na ich temat, ale czy ka\u017cdy rodzic potrafi zaspokoi\u0107 ich ciekawo\u015b\u0107? Z pomoc\u0105 przychodzi <strong><em><a href=\"https:\/\/www.greg.pl\/dla-dzieci\/74,1160_Moj-pierwszy-KODZIK-xD.html\" target=\"_blank\" rel=\"noreferrer noopener\">M\u00f3j pierwszy KODZIK xD<\/a><\/em>,<\/strong> dzi\u0119ki kt\u00f3remu ka\u017cde dziecko mo\u017ce sta\u0107 si\u0119 ma\u0142ym programist\u0105. Ksi\u0105\u017cka zawiera rozmaite zadania i \u0142amig\u0142\u00f3wki, stanowi\u0105ce podstaw\u0119 nauki kodowania i programowania. To nie tylko \u015bwietna zabawa dla najm\u0142odszych, bez u\u017cycia komputer\u00f3w, tablet\u00f3w i smartfon\u00f3w, ale tak\u017ce pow\u00f3d do wielkiej dumy, \u017ce mog\u0105 w ten spos\u00f3b zajrze\u0107 do \u015bwiata doros\u0142ych i zdoby\u0107 specjalistyczn\u0105 wiedz\u0119!<\/p>\n\n\n\n<figure class=\"wp-block-image size-full is-resized\"><a href=\"https:\/\/www.greg.pl\/dla-dzieci\/74,1160_Moj-pierwszy-KODZIK-xD.html\"><img decoding=\"async\" src=\"https:\/\/www.greg.pl\/blog\/wp-content\/uploads\/2021\/11\/IMG_0792_KODZIK2_obraz_03-1.jpg\" alt=\"\" class=\"wp-image-738\" width=\"966\" height=\"1085\" srcset=\"https:\/\/www.greg.pl\/blog\/wp-content\/uploads\/2021\/11\/IMG_0792_KODZIK2_obraz_03-1.jpg 1932w, https:\/\/www.greg.pl\/blog\/wp-content\/uploads\/2021\/11\/IMG_0792_KODZIK2_obraz_03-1-1823x2048.jpg 1823w, https:\/\/www.greg.pl\/blog\/wp-content\/uploads\/2021\/11\/IMG_0792_KODZIK2_obraz_03-1-912x1024.jpg 912w, https:\/\/www.greg.pl\/blog\/wp-content\/uploads\/2021\/11\/IMG_0792_KODZIK2_obraz_03-1-768x863.jpg 768w, https:\/\/www.greg.pl\/blog\/wp-content\/uploads\/2021\/11\/IMG_0792_KODZIK2_obraz_03-1-1368x1536.jpg 1368w, https:\/\/www.greg.pl\/blog\/wp-content\/uploads\/2021\/11\/IMG_0792_KODZIK2_obraz_03-1-750x842.jpg 750w, https:\/\/www.greg.pl\/blog\/wp-content\/uploads\/2021\/11\/IMG_0792_KODZIK2_obraz_03-1-1140x1280.jpg 1140w\" sizes=\"(max-width: 966px) 100vw, 966px\" \/><\/a><\/figure>\n\n\n\n<h2 class=\"wp-block-heading\">4. <strong><em>Grosz do grosza, czyli ekonomia wierszem<\/em><\/strong><\/h2>\n\n\n\n<p>Jak nauczy\u0107 dziecko dobrze gospodarowa\u0107 pierwszymi pieni\u0119dzmi? Za pomoc\u0105 weso\u0142ych wierszyk\u00f3w! Ksi\u0105\u017cka <a href=\"https:\/\/www.greg.pl\/dla-dzieci\/93,1027_Grosz-do-grosza-czyli-ekonomia-wierszem.html\" target=\"_blank\" rel=\"noreferrer noopener\"><strong><em>Grosz do grosza, czyli ekonomia wierszem<\/em><\/strong> <\/a>przybli\u017ca najm\u0142odszym podstawy nauki o finansach w lekkiej, prostej i zrozumia\u0142ej dla nich formie. Dziecko znajdzie tu odpowiedzi na wiele nurtuj\u0105cych je pyta\u0144: Jak dzia\u0142a bankomat? Dlaczego do zakup\u00f3w w sklepie dostajemy paragon? Po co podpisujemy umow\u0119 o prac\u0119? Ta ksi\u0105\u017cka to doskona\u0142a baza wiedzy na tematy ekonomiczne.<\/p>\n\n\n\n<figure class=\"wp-block-image size-full is-resized\"><a href=\"https:\/\/www.greg.pl\/dla-dzieci\/93,1027_Grosz-do-grosza-czyli-ekonomia-wierszem.html\"><img decoding=\"async\" src=\"https:\/\/www.greg.pl\/blog\/wp-content\/uploads\/2021\/11\/IMG_0794_Grosz_do_grosza_ekonomia_obraz_04-1.jpg\" alt=\"\" class=\"wp-image-739\" width=\"1169\" height=\"779\" srcset=\"https:\/\/www.greg.pl\/blog\/wp-content\/uploads\/2021\/11\/IMG_0794_Grosz_do_grosza_ekonomia_obraz_04-1.jpg 2508w, https:\/\/www.greg.pl\/blog\/wp-content\/uploads\/2021\/11\/IMG_0794_Grosz_do_grosza_ekonomia_obraz_04-1-2048x1365.jpg 2048w, https:\/\/www.greg.pl\/blog\/wp-content\/uploads\/2021\/11\/IMG_0794_Grosz_do_grosza_ekonomia_obraz_04-1-1024x683.jpg 1024w, https:\/\/www.greg.pl\/blog\/wp-content\/uploads\/2021\/11\/IMG_0794_Grosz_do_grosza_ekonomia_obraz_04-1-768x512.jpg 768w, https:\/\/www.greg.pl\/blog\/wp-content\/uploads\/2021\/11\/IMG_0794_Grosz_do_grosza_ekonomia_obraz_04-1-1536x1024.jpg 1536w, https:\/\/www.greg.pl\/blog\/wp-content\/uploads\/2021\/11\/IMG_0794_Grosz_do_grosza_ekonomia_obraz_04-1-750x500.jpg 750w, https:\/\/www.greg.pl\/blog\/wp-content\/uploads\/2021\/11\/IMG_0794_Grosz_do_grosza_ekonomia_obraz_04-1-1140x760.jpg 1140w\" sizes=\"(max-width: 1169px) 100vw, 1169px\" \/><\/a><\/figure>\n\n\n\n<h2 class=\"wp-block-heading\">5. <strong><em>Opowie\u015b\u0107 wigilijna<\/em><\/strong><\/h2>\n\n\n\n<p><strong><em><a href=\"https:\/\/www.greg.pl\/lektury\/103,783_Opowiesc-wigilijna.html\" target=\"_blank\" rel=\"noreferrer noopener\">Opowie\u015b\u0107 wigilijna<\/a><\/em><\/strong> z serii Kolorowa Klasyka to prezent nie tylko dobry, ale i praktyczny. Ucze\u0144 szko\u0142y podstawowej z pewno\u015bci\u0105 zachwyci si\u0119 niezwyk\u0142\u0105, ponadczasow\u0105 opowie\u015bci\u0105 w klimacie \u015bwi\u0105tecznym, a przy okazji przyswoi sobie tak\u017ce jedn\u0105 z lektur szkolnych. Barwne ilustracje tworz\u0105 niepowtarzalny klimat, a du\u017ca czcionka u\u0142atwiaj\u0105ca szybkie czytanie pomaga m\u0142odemu czytelnikowi samodzielnie zg\u0142\u0119bia\u0107 histori\u0119 Scrooge\u2019a oraz \u015bwi\u0105tecznych duch\u00f3w.<\/p>\n\n\n\n<figure class=\"wp-block-image size-full is-resized\"><a href=\"https:\/\/www.greg.pl\/lektury\/103,783_Opowiesc-wigilijna.html\"><img decoding=\"async\" src=\"https:\/\/www.greg.pl\/blog\/wp-content\/uploads\/2021\/11\/Opowiesc-wigilijna-doswiateczniona.jpg\" alt=\"\" class=\"wp-image-775\" width=\"1168\" height=\"1034\" srcset=\"https:\/\/www.greg.pl\/blog\/wp-content\/uploads\/2021\/11\/Opowiesc-wigilijna-doswiateczniona.jpg 2176w, https:\/\/www.greg.pl\/blog\/wp-content\/uploads\/2021\/11\/Opowiesc-wigilijna-doswiateczniona-2048x1814.jpg 2048w, https:\/\/www.greg.pl\/blog\/wp-content\/uploads\/2021\/11\/Opowiesc-wigilijna-doswiateczniona-1024x907.jpg 1024w, https:\/\/www.greg.pl\/blog\/wp-content\/uploads\/2021\/11\/Opowiesc-wigilijna-doswiateczniona-768x680.jpg 768w, https:\/\/www.greg.pl\/blog\/wp-content\/uploads\/2021\/11\/Opowiesc-wigilijna-doswiateczniona-1536x1360.jpg 1536w, https:\/\/www.greg.pl\/blog\/wp-content\/uploads\/2021\/11\/Opowiesc-wigilijna-doswiateczniona-750x664.jpg 750w, https:\/\/www.greg.pl\/blog\/wp-content\/uploads\/2021\/11\/Opowiesc-wigilijna-doswiateczniona-1140x1010.jpg 1140w\" sizes=\"(max-width: 1168px) 100vw, 1168px\" \/><\/a><\/figure>\n\n\n\n<p>Grafika i fotografie: Andrzej Mysiak, Karolina Rymut, Aleksandra Zimoch<\/p>\n","protected":false},"excerpt":{"rendered":"<p>Miko\u0142aj pami\u0119ta nie tylko o najm\u0142odszych dzieciach, lecz r\u00f3wnie\u017c o tych troch\u0119 starszych, kt\u00f3re posz\u0142y ju\u017c do szko\u0142y. Czy kt\u00f3re\u015b z nich ucieszy\u0142oby si\u0119 z nowej, kolorowej ksi\u0105\u017cki? Na pewno! Co warto podarowa\u0107 uczniom klas 1-3?<\/p>\n","protected":false},"author":4,"featured_media":844,"comment_status":"closed","ping_status":"closed","sticky":false,"template":"","format":"standard","meta":{"_acf_changed":false,"iawp_total_views":123,"jnews-multi-image_gallery":[],"jnews_single_post":{"subtitle":"","format":"standard","video":"","gallery":"","source_name":"","source_url":"","via_name":"","via_url":"","override":[{"template":"1","single_blog_custom":"","parallax":"1","fullscreen":"1","layout":"right-sidebar","sidebar":"default-sidebar","second_sidebar":"default-sidebar","sticky_sidebar":"1","share_position":"top","share_float_style":"share-monocrhome","show_share_counter":"1","show_view_counter":"1","show_featured":"1","show_post_meta":"1","show_post_author":"1","show_post_author_image":"1","show_post_date":"1","post_date_format":"default","post_date_format_custom":"Y\/m\/d","show_post_category":"1","post_reading_time_wpm":"300","zoom_button_out_step":"2","zoom_button_in_step":"3","show_post_tag":"1","show_prev_next_post":"1","show_popup_post":"1","number_popup_post":"1"}],"image_override":[{"single_post_thumbnail_size":"crop-500","single_post_gallery_size":"crop-500"}],"trending_post_position":"meta","trending_post_label":"Trending","sponsored_post_label":"Sponsorowany przez","sponsored_post_name":"","sponsored_post_url":"","sponsored_post_logo":"","sponsored_post_desc":""},"jnews_primary_category":{"id":""},"footnotes":""},"categories":[12,17],"tags":[20,21,22,26,24,25],"class_list":["post-682","post","type-post","status-publish","format-standard","has-post-thumbnail","hentry","category-dla-dzieci","category-dla-uczniow","tag-ksiazki","tag-mikolaj","tag-prezent","tag-swieta","tag-szkola","tag-uczniowie"],"acf":[],"_links":{"self":[{"href":"https:\/\/www.greg.pl\/blog\/wp-json\/wp\/v2\/posts\/682","targetHints":{"allow":["GET"]}}],"collection":[{"href":"https:\/\/www.greg.pl\/blog\/wp-json\/wp\/v2\/posts"}],"about":[{"href":"https:\/\/www.greg.pl\/blog\/wp-json\/wp\/v2\/types\/post"}],"author":[{"embeddable":true,"href":"https:\/\/www.greg.pl\/blog\/wp-json\/wp\/v2\/users\/4"}],"replies":[{"embeddable":true,"href":"https:\/\/www.greg.pl\/blog\/wp-json\/wp\/v2\/comments?post=682"}],"version-history":[{"count":36,"href":"https:\/\/www.greg.pl\/blog\/wp-json\/wp\/v2\/posts\/682\/revisions"}],"predecessor-version":[{"id":780,"href":"https:\/\/www.greg.pl\/blog\/wp-json\/wp\/v2\/posts\/682\/revisions\/780"}],"wp:featuredmedia":[{"embeddable":true,"href":"https:\/\/www.greg.pl\/blog\/wp-json\/wp\/v2\/media\/844"}],"wp:attachment":[{"href":"https:\/\/www.greg.pl\/blog\/wp-json\/wp\/v2\/media?parent=682"}],"wp:term":[{"taxonomy":"category","embeddable":true,"href":"https:\/\/www.greg.pl\/blog\/wp-json\/wp\/v2\/categories?post=682"},{"taxonomy":"post_tag","embeddable":true,"href":"https:\/\/www.greg.pl\/blog\/wp-json\/wp\/v2\/tags?post=682"}],"curies":[{"name":"wp","href":"https:\/\/api.w.org\/{rel}","templated":true}]}}