{"id":845,"date":"2021-12-01T11:47:35","date_gmt":"2021-12-01T11:47:35","guid":{"rendered":"https:\/\/www.greg.pl\/blog\/?p=845"},"modified":"2021-12-14T14:50:57","modified_gmt":"2021-12-14T14:50:57","slug":"wyjatkowe-lektury-pod-choinke","status":"publish","type":"post","link":"https:\/\/www.greg.pl\/blog\/wyjatkowe-lektury-pod-choinke\/","title":{"rendered":"Wyj\u0105tkowe wydania lektur pod choink\u0119"},"content":{"rendered":"\n<p>Podczas gdy dla jednych ksi\u0105\u017cki pe\u0142ni\u0105 jedynie funkcj\u0119 u\u017cytkow\u0105, dla innych s\u0105 rzecz\u0105 o ogromnej warto\u015bci. Dlaczego nawet w czasach rosn\u0105cej popularno\u015bci e-book\u00f3w i audiobook\u00f3w warto si\u0119gn\u0105\u0107 po wydania papierowe? By m\u00f3c <strong>korzysta\u0107 z prawdziwej przyjemno\u015bci czytania<\/strong> \u2013 dotkn\u0105\u0107 nowej ksi\u0105\u017cki, poczu\u0107 zapach papieru i tuszu drukarskiego, us\u0142ysze\u0107 szelest kartek&#8230; Warto pozwoli\u0107 sobie na odrobin\u0119 luksusu, by kupi\u0107 tak\u0105 ksi\u0105\u017ck\u0119, kt\u00f3ra nie tylko b\u0119dzie zawiera\u0142a fascynuj\u0105c\u0105 histori\u0119, lecz b\u0119dzie tak\u017ce <strong>znakomicie prezentowa\u0142a si\u0119 na p\u00f3\u0142ce domowej biblioteczki<\/strong>. Cho\u0107 znane powiedzenie m\u00f3wi, \u017ce nie ocenia si\u0119 ksi\u0105\u017cki po ok\u0142adce, to nie jest to prawd\u0105 \u2013 lubimy pi\u0119kne wydania, takie, kt\u00f3re ciesz\u0105 oko i zaspokajaj\u0105 nasz zmys\u0142 estetyczny. <strong>Je\u015bli wi\u0119c si\u0119ga\u0107 po papierow\u0105 ksi\u0105\u017ck\u0119, to tylko w najlepszym wydaniu!<\/strong><\/p>\n\n\n\n<p>Najlepsze i najpi\u0119kniejsze ksi\u0105\u017cki zwykle s\u0105 dro\u017csze, ale wy\u017csza cena wi\u0105\u017ce si\u0119 z lepsz\u0105 jako\u015bci\u0105 papieru, oprawy, staranno\u015bci\u0105 edycji, dlatego czasami warto nieco zainwestowa\u0107, by mie\u0107 pozycj\u0119, kt\u00f3ra spe\u0142ni wszystkie nasze wymagania i rzeczywi\u015bcie b\u0119dzie cennym nabytkiem. Wyj\u0105tkowa, pi\u0119knie wydana ksi\u0105\u017cka znakomicie sprawdzi si\u0119 r\u00f3wnie\u017c jako <strong>prezent miko\u0142ajkowy lub \u015bwi\u0105teczny<\/strong>.<\/p>\n\n\n\n<p>Nasz\u0105 propozycj\u0119 ksi\u0105\u017ckowych pere\u0142ek, dla prawdziwych koneser\u00f3w literatury, stanowi seria Kolorowa Klasyka. Zawiera ona wyj\u0105tkowe wydania ponadczasowych powie\u015bci, w twardej oprawie i na szlachetnym, drzewnym papierze, niezwykle przyjemnym dla oka, co sprawia, \u017ce s\u0105 one trwa\u0142e, estetyczne i przyjemne w czytaniu. Ka\u017cda ksi\u0105\u017cka zawiera <strong>wspania\u0142e, barwne ilustracje, tworzone przez najlepszych artyst\u00f3w<\/strong> i idealnie dopasowane swoim stylem do klimatu opowie\u015bci.<\/p>\n\n\n\n<p>Oto kilka wyj\u0105tkowych ksi\u0105\u017cek, kt\u00f3re polecamy:<\/p>\n\n\n\n<h5 class=\"wp-block-heading\"><strong><a href=\"https:\/\/www.greg.pl\/lektury\/103,830_Zbrodnia-i-kara.html\">Fiodor Dostojewski, <em>Zbrodnia i kara<\/em><\/a><\/strong><\/h5>\n\n\n\n<p>Powie\u015b\u0107 rosyjskiego pisarza uznawana jest za arcydzie\u0142o literatury \u015bwiatowej. To literacka podr\u00f3\u017c przez psychologiczne meandry i zawi\u0142o\u015bci zbrodniczego umys\u0142u, rozwa\u017cania na temat morderstwa oraz tego, czy w okre\u015blonych przypadkach mo\u017ce ono by\u0107 usprawiedliwione \u2013 czy za ka\u017cd\u0105 zbrodni\u0119 nale\u017cy si\u0119 tytu\u0142owa kara?<\/p>\n\n\n\n<p>Ksi\u0105\u017cka przedstawia r\u00f3wnie\u017c panoram\u0119 XIX-wiecznego Petersburga, a oryginalne, oniryczne ilustracje autorstwa Wojtka \u015awierdzewskiego doskonale oddaj\u0105 niezwyk\u0142\u0105 atmosfer\u0119 opowie\u015bci i czyni\u0105 to wydanie jedynym w swoim rodzaju. <em>Zbrodnia i kara <\/em>sprawdzi si\u0119 \u015bwietnie jako prezent nie tylko dla m\u0142odzie\u017cy, lecz dla wszystkich fan\u00f3w klasyki literatury oraz tw\u00f3rczo\u015bci Dostojewskiego.<\/p>\n\n\n\n<figure class=\"wp-block-image size-full\"><a href=\"https:\/\/www.greg.pl\/lektury\/103,830_Zbrodnia-i-kara.html\"><img decoding=\"async\" width=\"2560\" height=\"1626\" src=\"https:\/\/www.greg.pl\/blog\/wp-content\/uploads\/2021\/11\/IMG_0902_przyciete-scaled.jpg\" alt=\"Zbrodnia i kara ksi\u0105\u017cka\" class=\"wp-image-881\" srcset=\"https:\/\/www.greg.pl\/blog\/wp-content\/uploads\/2021\/11\/IMG_0902_przyciete-scaled.jpg 2560w, https:\/\/www.greg.pl\/blog\/wp-content\/uploads\/2021\/11\/IMG_0902_przyciete-2048x1301.jpg 2048w, https:\/\/www.greg.pl\/blog\/wp-content\/uploads\/2021\/11\/IMG_0902_przyciete-1024x650.jpg 1024w, https:\/\/www.greg.pl\/blog\/wp-content\/uploads\/2021\/11\/IMG_0902_przyciete-768x488.jpg 768w, https:\/\/www.greg.pl\/blog\/wp-content\/uploads\/2021\/11\/IMG_0902_przyciete-1536x976.jpg 1536w, https:\/\/www.greg.pl\/blog\/wp-content\/uploads\/2021\/11\/IMG_0902_przyciete-750x476.jpg 750w, https:\/\/www.greg.pl\/blog\/wp-content\/uploads\/2021\/11\/IMG_0902_przyciete-1140x724.jpg 1140w\" sizes=\"(max-width: 2560px) 100vw, 2560px\" \/><\/a><\/figure>\n\n\n\n<h5 class=\"wp-block-heading\"><strong><a href=\"https:\/\/www.greg.pl\/lektury\/103,1178_Rok-1984.html\">George Orwell, <em>Rok 1984<\/em><\/a><\/strong><\/h5>\n\n\n\n<p>Wielki Brat zawsze patrzy, \u015bledzi ka\u017cdy krok jednostki. Jak wygl\u0105da \u017cycie pod nieustann\u0105 obserwacj\u0105, w \u015bwiecie, w kt\u00f3rym wolno\u015b\u0107 nie istnieje a mi\u0142o\u015b\u0107 jest zakazana? <em>Rok 1984<\/em> to jedna z najs\u0142ynniejszych literackich antyutopii i lektura, kt\u00f3r\u0105 powinien przeczyta\u0107 absolutnie ka\u017cdy. Po wielu latach ksi\u0105\u017cka doczeka\u0142a si\u0119 nowego t\u0142umaczenia, przygotowanego przez Krzysztofa Mazurka. Ilustracje do tego wydania stworzy\u0142 Kamil Rekosz \u2013 przejmuj\u0105ce, lekko niepokoj\u0105ce grafiki idealnie wpasowuj\u0105 si\u0119 w klimat orwellowskiej rzeczywisto\u015bci.<\/p>\n\n\n\n<p><em>Rok 1984 <\/em>to z ca\u0142\u0105 pewno\u015bci\u0105 dzie\u0142o wybitne, a przedstawione w nim warto\u015bci s\u0105 ponadczasowe. Nowa, od\u015bwie\u017cona wersja z t\u0142umaczeniem przystaj\u0105cym do wsp\u00f3\u0142czesnych czas\u00f3w to znakomity podarunek bo\u017conarodzeniowy dla wszystkich doros\u0142ych, nada si\u0119 tak\u017ce doskonale dla uczni\u00f3w lice\u00f3w i technik\u00f3w \u2013 dzie\u0142o Orwella znajduje si\u0119 bowiem na li\u015bcie lektur obowi\u0105zkowych.<\/p>\n\n\n\n<figure class=\"wp-block-image size-full\"><a href=\"https:\/\/www.greg.pl\/lektury\/103,1178_Rok-1984.html\"><img decoding=\"async\" width=\"2560\" height=\"1803\" src=\"https:\/\/www.greg.pl\/blog\/wp-content\/uploads\/2021\/11\/IMG_0917-scaled.jpg\" alt=\"Rok 1984 Orwell ksi\u0105\u017cka\" class=\"wp-image-882\" srcset=\"https:\/\/www.greg.pl\/blog\/wp-content\/uploads\/2021\/11\/IMG_0917-scaled.jpg 2560w, https:\/\/www.greg.pl\/blog\/wp-content\/uploads\/2021\/11\/IMG_0917-2048x1442.jpg 2048w, https:\/\/www.greg.pl\/blog\/wp-content\/uploads\/2021\/11\/IMG_0917-1024x721.jpg 1024w, https:\/\/www.greg.pl\/blog\/wp-content\/uploads\/2021\/11\/IMG_0917-768x541.jpg 768w, https:\/\/www.greg.pl\/blog\/wp-content\/uploads\/2021\/11\/IMG_0917-1536x1082.jpg 1536w, https:\/\/www.greg.pl\/blog\/wp-content\/uploads\/2021\/11\/IMG_0917-120x86.jpg 120w, https:\/\/www.greg.pl\/blog\/wp-content\/uploads\/2021\/11\/IMG_0917-750x528.jpg 750w, https:\/\/www.greg.pl\/blog\/wp-content\/uploads\/2021\/11\/IMG_0917-1140x803.jpg 1140w\" sizes=\"(max-width: 2560px) 100vw, 2560px\" \/><\/a><\/figure>\n\n\n\n<h5 class=\"wp-block-heading\"><strong><a href=\"https:\/\/www.greg.pl\/lektury\/103,979_Trzej-muszkieterowie.html\">Aleksander Dumas, <em>Trzej muszkieterowie<\/em><\/a><\/strong><\/h5>\n\n\n\n<p>Powie\u015b\u0107 francuskiego pisarza jest pe\u0142na akcji, fikcyjne przygody dzielnego d\u2019Artagnana i jego trzech przyjaci\u00f3\u0142 osadzone w realiach historycznych \u015bledzi si\u0119 z zapartym tchem, a przy tym mo\u017cna jeszcze zachwyca\u0107 si\u0119 \u015bwietnie nakre\u015blonym obrazem obyczaj\u00f3w panuj\u0105cych w XVII-wiecznej Francji. Realistyczne wykreowanie postaci przez Dumasa sprawia, \u017ce czytelnik bardzo anga\u017cuje si\u0119 w lektur\u0119 i razem z bohaterami prze\u017cywa ich wszystkie wzloty oraz upadki. <em>Trzej muszkieterowie <\/em>to klasyka gatunku p\u0142aszcza i szpady, kt\u00f3ra niezmiennie oczarowuje kolejne pokolenia czytelnik\u00f3w.<\/p>\n\n\n\n<p>Najnowsze wydanie zawiera pe\u0142ny tekst utworu, pozbawiony jakichkolwiek skr\u00f3t\u00f3w w tre\u015bci, wzbogacone zosta\u0142o tak\u017ce przepi\u0119knymi, kolorowymi ilustracjami stworzonymi przez \u0141ukasza Ciaciucha. Wszystko to sprawia, \u017ce ksi\u0105\u017ck\u0119 czyta si\u0119 z prawdziw\u0105 przyjemno\u015bci\u0105. Czy\u017c nie jest to idealny \u015bwi\u0105teczny prezent dla dzieci i m\u0142odzie\u017cy?<\/p>\n\n\n\n<figure class=\"wp-block-image size-full\"><a href=\"https:\/\/www.greg.pl\/lektury\/103,979_Trzej-muszkieterowie.html\"><img decoding=\"async\" width=\"2560\" height=\"2111\" src=\"https:\/\/www.greg.pl\/blog\/wp-content\/uploads\/2021\/11\/IMG_0907-scaled.jpg\" alt=\"Trzej muszkieterowie ksi\u0105\u017cka\" class=\"wp-image-883\" srcset=\"https:\/\/www.greg.pl\/blog\/wp-content\/uploads\/2021\/11\/IMG_0907-scaled.jpg 2560w, https:\/\/www.greg.pl\/blog\/wp-content\/uploads\/2021\/11\/IMG_0907-2048x1688.jpg 2048w, https:\/\/www.greg.pl\/blog\/wp-content\/uploads\/2021\/11\/IMG_0907-1024x844.jpg 1024w, https:\/\/www.greg.pl\/blog\/wp-content\/uploads\/2021\/11\/IMG_0907-768x633.jpg 768w, https:\/\/www.greg.pl\/blog\/wp-content\/uploads\/2021\/11\/IMG_0907-1536x1266.jpg 1536w, https:\/\/www.greg.pl\/blog\/wp-content\/uploads\/2021\/11\/IMG_0907-750x618.jpg 750w, https:\/\/www.greg.pl\/blog\/wp-content\/uploads\/2021\/11\/IMG_0907-1140x940.jpg 1140w\" sizes=\"(max-width: 2560px) 100vw, 2560px\" \/><\/a><\/figure>\n\n\n\n<h5 class=\"wp-block-heading\"><strong><a href=\"https:\/\/www.greg.pl\/lektury\/103,1055_Krzyzacy.html\">Henryk Sienkiewicz, <em>Krzy\u017cacy<\/em><\/a><\/strong><\/h5>\n\n\n\n<p><em>Krzy\u017cacy <\/em>to ponadczasowa powie\u015b\u0107 historyczna, przenosz\u0105ca czytelnika w \u015bwiat rycerzy i \u015bredniowiecznych bitew, w tym jednej z najs\u0142ynniejszych polskich walk \u2013 bitwy pod Grunwaldem. Na tle konfliktu polsko-krzy\u017cackiego rozgrywaj\u0105 si\u0119 tak\u017ce osobiste dramaty poszczeg\u00f3lnych postaci: historia Juranda ze Spychowa oraz mi\u0142osne perypetie Zbyszka z Bogda\u0144ca. Dwie dziewczyny, kt\u00f3re m\u0142odzieniec darzy szczeg\u00f3lnymi wzgl\u0119dami, s\u0105 swoimi ca\u0142kowitymi przeciwie\u0144stwami \u2013 czytelnicy od lat dziel\u0105 si\u0119 wi\u0119c na tych kibicuj\u0105cych Danusi oraz fan\u00f3w Jagienki.<\/p>\n\n\n\n<p>Czy dzie\u0142o tak dobrze znane Polakom mo\u017ce nadal zaskakiwa\u0107 i przyci\u0105ga\u0107 nast\u0119pnych czytelnik\u00f3w? Oczywi\u015bcie, \u017ce tak! Nowa edycja, zawieraj\u0105ca ilustracje Stanis\u0142awa Kaczora-Batowskiego z pocz\u0105tku XX w., utrzymane w stylistyce nawi\u0105zuj\u0105cej do \u015bredniowiecznej tradycji, o\u017cywia wiekowe dzie\u0142o i gwarantuje, \u017ce od tej lektury trudno si\u0119 oderwa\u0107!<\/p>\n\n\n\n<figure class=\"wp-block-image size-full\"><a href=\"https:\/\/www.greg.pl\/lektury\/103,1055_Krzyzacy.html\"><img decoding=\"async\" width=\"2560\" height=\"2122\" src=\"https:\/\/www.greg.pl\/blog\/wp-content\/uploads\/2021\/11\/IMG_0887-1-scaled.jpg\" alt=\"Krzy\u017cacy ksi\u0105\u017cka Sienkiewicz\" class=\"wp-image-886\" srcset=\"https:\/\/www.greg.pl\/blog\/wp-content\/uploads\/2021\/11\/IMG_0887-1-scaled.jpg 2560w, https:\/\/www.greg.pl\/blog\/wp-content\/uploads\/2021\/11\/IMG_0887-1-2048x1698.jpg 2048w, https:\/\/www.greg.pl\/blog\/wp-content\/uploads\/2021\/11\/IMG_0887-1-1024x849.jpg 1024w, https:\/\/www.greg.pl\/blog\/wp-content\/uploads\/2021\/11\/IMG_0887-1-768x637.jpg 768w, https:\/\/www.greg.pl\/blog\/wp-content\/uploads\/2021\/11\/IMG_0887-1-1536x1273.jpg 1536w, https:\/\/www.greg.pl\/blog\/wp-content\/uploads\/2021\/11\/IMG_0887-1-750x622.jpg 750w, https:\/\/www.greg.pl\/blog\/wp-content\/uploads\/2021\/11\/IMG_0887-1-1140x945.jpg 1140w\" sizes=\"(max-width: 2560px) 100vw, 2560px\" \/><\/a><\/figure>\n\n\n\n<figure class=\"wp-block-image size-full\"><a href=\"https:\/\/www.greg.pl\/lektury\/103,1055_Krzyzacy.html\"><img decoding=\"async\" width=\"2560\" height=\"1581\" src=\"https:\/\/www.greg.pl\/blog\/wp-content\/uploads\/2021\/11\/IMG_0890_rozjasnione-1-scaled.jpg\" alt=\"Krzy\u017cacy ksi\u0105\u017cka Sienkiewicz\" class=\"wp-image-887\" srcset=\"https:\/\/www.greg.pl\/blog\/wp-content\/uploads\/2021\/11\/IMG_0890_rozjasnione-1-scaled.jpg 2560w, https:\/\/www.greg.pl\/blog\/wp-content\/uploads\/2021\/11\/IMG_0890_rozjasnione-1-2048x1265.jpg 2048w, https:\/\/www.greg.pl\/blog\/wp-content\/uploads\/2021\/11\/IMG_0890_rozjasnione-1-1024x632.jpg 1024w, https:\/\/www.greg.pl\/blog\/wp-content\/uploads\/2021\/11\/IMG_0890_rozjasnione-1-768x474.jpg 768w, https:\/\/www.greg.pl\/blog\/wp-content\/uploads\/2021\/11\/IMG_0890_rozjasnione-1-1536x949.jpg 1536w, https:\/\/www.greg.pl\/blog\/wp-content\/uploads\/2021\/11\/IMG_0890_rozjasnione-1-750x463.jpg 750w, https:\/\/www.greg.pl\/blog\/wp-content\/uploads\/2021\/11\/IMG_0890_rozjasnione-1-1140x704.jpg 1140w\" sizes=\"(max-width: 2560px) 100vw, 2560px\" \/><\/a><\/figure>\n\n\n\n<h5 class=\"wp-block-heading\"><strong><a href=\"https:\/\/www.greg.pl\/lektury\/103,1092_Chlopi.html\">W\u0142adys\u0142aw Stanis\u0142aw Reymont, <em>Ch\u0142opi<\/em><\/a><\/strong><\/h5>\n\n\n\n<p>Powie\u015b\u0107, za kt\u00f3r\u0105 pisarz otrzyma\u0142 w 1924 roku Nagrod\u0119 Nobla. Ksi\u0105\u017ck\u0119 t\u0119 cz\u0119sto nazywa si\u0119 epopej\u0105 ch\u0142opsk\u0105, teraz za\u015b wyst\u0119puje w oryginalnej ods\u0142onie z niezwyk\u0142ymi akwarelowymi ilustracjami polskiego artysty Apoloniusza K\u0119dzierskiego. Wspania\u0142e obrazy inspirowane folklorem, przedstawiaj\u0105ce ch\u0142op\u00f3w przy pracy oraz dziewcz\u0119ta w ludowych strojach czyni\u0105 lektur\u0119 bogatsz\u0105, ciekawsz\u0105 i pozwalaj\u0105 czytelnikowi wczu\u0107 si\u0119 w klimat dawnej polskiej wsi. Tekst upi\u0119ksza tak\u017ce barwna ornamentyka zaczerpni\u0119ta z tradycji ludowej, dzi\u0119ki czemu ksi\u0105\u017cka nie tylko dostarcza rozrywki i stanowi \u017ar\u00f3d\u0142o wiedzy o \u017cyciu ch\u0142op\u00f3w, ale tak\u017ce cieszy oko.<\/p>\n\n\n\n<p>Poniewa\u017c jest to lektura szkolna, pozycj\u0119 t\u0119 \u015bmia\u0142o mo\u017cna sprezentowa\u0107 pod choink\u0119 uczniom szko\u0142y ponadpodstawowej, by przyswajanie wiedzy potrzebnej do matury nie by\u0142o dla nich nud\u0105, lecz prawdziw\u0105 przyjemno\u015bci\u0105!<\/p>\n\n\n\n<figure class=\"wp-block-image size-full\"><a href=\"https:\/\/www.greg.pl\/lektury\/103,1092_Chlopi.html\"><img decoding=\"async\" width=\"2560\" height=\"2268\" src=\"https:\/\/www.greg.pl\/blog\/wp-content\/uploads\/2021\/11\/IMG_0873-scaled.jpg\" alt=\"Ch\u0142opi ksi\u0105\u017cka Reymont\" class=\"wp-image-888\" srcset=\"https:\/\/www.greg.pl\/blog\/wp-content\/uploads\/2021\/11\/IMG_0873-scaled.jpg 2560w, https:\/\/www.greg.pl\/blog\/wp-content\/uploads\/2021\/11\/IMG_0873-2048x1814.jpg 2048w, https:\/\/www.greg.pl\/blog\/wp-content\/uploads\/2021\/11\/IMG_0873-1024x907.jpg 1024w, https:\/\/www.greg.pl\/blog\/wp-content\/uploads\/2021\/11\/IMG_0873-768x680.jpg 768w, https:\/\/www.greg.pl\/blog\/wp-content\/uploads\/2021\/11\/IMG_0873-1536x1361.jpg 1536w, https:\/\/www.greg.pl\/blog\/wp-content\/uploads\/2021\/11\/IMG_0873-750x664.jpg 750w, https:\/\/www.greg.pl\/blog\/wp-content\/uploads\/2021\/11\/IMG_0873-1140x1010.jpg 1140w\" sizes=\"(max-width: 2560px) 100vw, 2560px\" \/><\/a><\/figure>\n\n\n\n<figure class=\"wp-block-image size-full\"><a href=\"https:\/\/www.greg.pl\/lektury\/103,1092_Chlopi.html\"><img decoding=\"async\" width=\"2560\" height=\"1766\" src=\"https:\/\/www.greg.pl\/blog\/wp-content\/uploads\/2021\/11\/IMG_0876_rozjasnione-scaled.jpg\" alt=\"Reymont Ch\u0142opi ksi\u0105\u017cka \u015brodek\" class=\"wp-image-889\" srcset=\"https:\/\/www.greg.pl\/blog\/wp-content\/uploads\/2021\/11\/IMG_0876_rozjasnione-scaled.jpg 2560w, https:\/\/www.greg.pl\/blog\/wp-content\/uploads\/2021\/11\/IMG_0876_rozjasnione-2048x1412.jpg 2048w, https:\/\/www.greg.pl\/blog\/wp-content\/uploads\/2021\/11\/IMG_0876_rozjasnione-1024x706.jpg 1024w, https:\/\/www.greg.pl\/blog\/wp-content\/uploads\/2021\/11\/IMG_0876_rozjasnione-768x530.jpg 768w, https:\/\/www.greg.pl\/blog\/wp-content\/uploads\/2021\/11\/IMG_0876_rozjasnione-1536x1059.jpg 1536w, https:\/\/www.greg.pl\/blog\/wp-content\/uploads\/2021\/11\/IMG_0876_rozjasnione-750x517.jpg 750w, https:\/\/www.greg.pl\/blog\/wp-content\/uploads\/2021\/11\/IMG_0876_rozjasnione-1140x786.jpg 1140w\" sizes=\"(max-width: 2560px) 100vw, 2560px\" \/><\/a><\/figure>\n\n\n\n<h5 class=\"wp-block-heading\"><strong><a href=\"https:\/\/www.greg.pl\/lektury\/103,674_Akademia-Pana-Kleksa.html\">Jan Brzechwa, <em>Akademia Pana Kleksa<\/em><\/a><\/strong><\/h5>\n\n\n\n<p>Kt\u00f3\u017c nie zna przyg\u00f3d ekscentrycznego profesora, prowadz\u0105cego niezwyk\u0142\u0105 Akademi\u0119, przeznaczon\u0105 wy\u0142\u0105cznie dla ch\u0142opc\u00f3w, kt\u00f3rych imi\u0119 zaczyna si\u0119 na liter\u0119 A? <em>Akademia Pana Kleksa<\/em> to dzie\u0142o, kt\u00f3re rozbudza\u0142o wyobra\u017ani\u0119 i przenosi\u0142o w fantastyczny literacki \u015bwiat ju\u017c naszych rodzic\u00f3w, a teraz zachwyca kolejne pokolenia m\u0142odych czytelnik\u00f3w. Dla doros\u0142ych to radosne wspomnienie w\u0142asnego dzieci\u0144stwa, dla dzieci \u2013 nowa wspania\u0142a podr\u00f3\u017c po ba\u015bniowej rzeczywisto\u015bci. Opowie\u015b\u0107 o przygodach Adasia i innych uczni\u00f3w Akademii niezmiennie bawi, przekazuj\u0105c jednocze\u015bnie wa\u017cne warto\u015bci \u2013 dzie\u0142o Brzechwy uczy bowiem o przyja\u017ani, odwadze i dorastaniu.<\/p>\n\n\n\n<p>Wydanie z serii Kolorowa Klasyka wzbogacone zosta\u0142o o przepi\u0119kne, bogate ilustracje autorstwa Miko\u0142aja Kamlera, a du\u017ca czcionka u\u0142atwia lektur\u0119 r\u00f3wnie\u017c tym najm\u0142odszym. To doskona\u0142y prezent dla wszystkich dzieci i szansa dla ca\u0142ej rodziny, by sp\u0119dzi\u0107 zimowe wieczory na wsp\u00f3lnym czytaniu przy choince.<\/p>\n\n\n\n<figure class=\"wp-block-image size-full\"><a href=\"https:\/\/www.greg.pl\/lektury\/103,674_Akademia-Pana-Kleksa.html\"><img decoding=\"async\" width=\"2560\" height=\"2150\" src=\"https:\/\/www.greg.pl\/blog\/wp-content\/uploads\/2021\/11\/IMG_0896_new-scaled.jpg\" alt=\"Brzechwa Akademia Pana Kleksa\" class=\"wp-image-890\" srcset=\"https:\/\/www.greg.pl\/blog\/wp-content\/uploads\/2021\/11\/IMG_0896_new-scaled.jpg 2560w, https:\/\/www.greg.pl\/blog\/wp-content\/uploads\/2021\/11\/IMG_0896_new-2048x1720.jpg 2048w, https:\/\/www.greg.pl\/blog\/wp-content\/uploads\/2021\/11\/IMG_0896_new-1024x860.jpg 1024w, https:\/\/www.greg.pl\/blog\/wp-content\/uploads\/2021\/11\/IMG_0896_new-768x645.jpg 768w, https:\/\/www.greg.pl\/blog\/wp-content\/uploads\/2021\/11\/IMG_0896_new-1536x1290.jpg 1536w, https:\/\/www.greg.pl\/blog\/wp-content\/uploads\/2021\/11\/IMG_0896_new-750x630.jpg 750w, https:\/\/www.greg.pl\/blog\/wp-content\/uploads\/2021\/11\/IMG_0896_new-1140x958.jpg 1140w\" sizes=\"(max-width: 2560px) 100vw, 2560px\" \/><\/a><\/figure>\n\n\n\n<h5 class=\"wp-block-heading\"><strong><a href=\"https:\/\/www.greg.pl\/lektury\/103,1005_Ziele-na-kraterze.html\">Melchior Wa\u0144kowicz, <em>Ziele na kraterze<\/em><\/a><\/strong><\/h5>\n\n\n\n<p>Ksi\u0105\u017cka, kt\u00f3ra po latach powr\u00f3ci\u0142a na list\u0119 lektur, wraca w wielkim stylu \u2013 w nowej, od\u015bwie\u017conej wersji. Fotografie z prywatnego archiwum Wa\u0144kowicz\u00f3w w najnowszym wydaniu powie\u015bci sprawiaj\u0105, \u017ce zapis historii rodzinnej w czasach dwudziestolecia mi\u0119dzywojennego, drugiej wojny \u015bwiatowej i powstania warszawskiego zyskuje na autentyczno\u015bci. Melchior Wa\u0144kowicz przedstawia swoich bohater\u00f3w takimi, jacy s\u0105, bez upi\u0119ksze\u0144 i idealizowania, dzi\u0119ki czemu dzie\u0142o jest wyj\u0105tkowo ciekawe i przyci\u0105ga czytelnik\u00f3w. Edycja kompletna, pozbawiona ci\u0119\u0107 w tre\u015bci, zgodna z oryginalnym tekstem autora i po raz pierwszy bez ingerencji cenzury wzmacnia poczucie \u201eprawdziwo\u015bci\u201d, realno\u015bci opowie\u015bci, i z pewno\u015bci\u0105 przypadnie do gustu mi\u0142o\u015bnikom literatury biograficznej. Ksi\u0105\u017cka zawiera tak\u017ce liczne przypisy i obja\u015bnienia, kt\u00f3re pozwalaj\u0105 nakre\u015bli\u0107 kontekst spo\u0142eczny oraz historyczny dla wydarze\u0144 przedstawionych w fabule oraz czyni\u0105 tekst zrozumia\u0142ym mimo up\u0142ywu lat. To dzie\u0142o \u015bwietnie sprawdzi si\u0119 w roli \u015bwi\u0105tecznego prezentu dla dzieci lub doros\u0142ych!<\/p>\n\n\n\n<figure class=\"wp-block-image size-full\"><a href=\"https:\/\/www.greg.pl\/lektury\/103,1005_Ziele-na-kraterze.html\"><img decoding=\"async\" width=\"2560\" height=\"1796\" src=\"https:\/\/www.greg.pl\/blog\/wp-content\/uploads\/2021\/11\/IMG_0912_rozjasnione-scaled.jpg\" alt=\"Wa\u0144kowicz Ziele na kraterze\" class=\"wp-image-891\" srcset=\"https:\/\/www.greg.pl\/blog\/wp-content\/uploads\/2021\/11\/IMG_0912_rozjasnione-scaled.jpg 2560w, https:\/\/www.greg.pl\/blog\/wp-content\/uploads\/2021\/11\/IMG_0912_rozjasnione-2048x1437.jpg 2048w, https:\/\/www.greg.pl\/blog\/wp-content\/uploads\/2021\/11\/IMG_0912_rozjasnione-1024x719.jpg 1024w, https:\/\/www.greg.pl\/blog\/wp-content\/uploads\/2021\/11\/IMG_0912_rozjasnione-768x539.jpg 768w, https:\/\/www.greg.pl\/blog\/wp-content\/uploads\/2021\/11\/IMG_0912_rozjasnione-1536x1078.jpg 1536w, https:\/\/www.greg.pl\/blog\/wp-content\/uploads\/2021\/11\/IMG_0912_rozjasnione-750x526.jpg 750w, https:\/\/www.greg.pl\/blog\/wp-content\/uploads\/2021\/11\/IMG_0912_rozjasnione-1140x800.jpg 1140w\" sizes=\"(max-width: 2560px) 100vw, 2560px\" \/><\/a><\/figure>\n\n\n\n<figure class=\"wp-block-image size-full\"><a href=\"https:\/\/www.greg.pl\/lektury\/103,1005_Ziele-na-kraterze.html\"><img decoding=\"async\" width=\"2560\" height=\"2086\" src=\"https:\/\/www.greg.pl\/blog\/wp-content\/uploads\/2021\/11\/IMG_0913-scaled.jpg\" alt=\"Wa\u0144kowicz Ziele na kraterze \u015brodek ksi\u0105\u017cki\" class=\"wp-image-894\" srcset=\"https:\/\/www.greg.pl\/blog\/wp-content\/uploads\/2021\/11\/IMG_0913-scaled.jpg 2560w, https:\/\/www.greg.pl\/blog\/wp-content\/uploads\/2021\/11\/IMG_0913-2048x1669.jpg 2048w, https:\/\/www.greg.pl\/blog\/wp-content\/uploads\/2021\/11\/IMG_0913-1024x835.jpg 1024w, https:\/\/www.greg.pl\/blog\/wp-content\/uploads\/2021\/11\/IMG_0913-768x626.jpg 768w, https:\/\/www.greg.pl\/blog\/wp-content\/uploads\/2021\/11\/IMG_0913-1536x1252.jpg 1536w, https:\/\/www.greg.pl\/blog\/wp-content\/uploads\/2021\/11\/IMG_0913-750x611.jpg 750w, https:\/\/www.greg.pl\/blog\/wp-content\/uploads\/2021\/11\/IMG_0913-1140x929.jpg 1140w\" sizes=\"(max-width: 2560px) 100vw, 2560px\" \/><\/a><\/figure>\n\n\n\n<p>Wi\u0119cej ksi\u0105\u017cek z serii Kolorowa Klasyka: <a href=\"https:\/\/www.greg.pl\/lektury\/101_Kolorowa-Klasyka-bez-opracowania.html\">https:\/\/www.greg.pl\/lektury\/101_Kolorowa-Klasyka-bez-opracowania.html<\/a><\/p>\n\n\n\n<p class=\"has-small-font-size\">Grafika i fotografie: Andrzej Mysiak, Aleksandra Zimoch<\/p>\n","protected":false},"excerpt":{"rendered":"<p>Najlepsze i najpi\u0119kniejsze ksi\u0105\u017cki zwykle s\u0105 dro\u017csze, ale wy\u017csza cena wi\u0105\u017ce si\u0119 z lepsz\u0105 jako\u015bci\u0105 papieru, oprawy, staranno\u015bci\u0105 edycji, dlatego czasami warto nieco zainwestowa\u0107, by mie\u0107 pozycj\u0119, kt\u00f3ra spe\u0142ni wszystkie nasze wymagania i rzeczywi\u015bcie b\u0119dzie cennym nabytkiem. Wyj\u0105tkowa, pi\u0119knie wydana ksi\u0105\u017cka znakomicie sprawdzi si\u0119 r\u00f3wnie\u017c jako prezent miko\u0142ajkowy lub \u015bwi\u0105teczny.<\/p>\n","protected":false},"author":4,"featured_media":928,"comment_status":"closed","ping_status":"closed","sticky":false,"template":"","format":"standard","meta":{"_acf_changed":false,"iawp_total_views":187,"jnews-multi-image_gallery":[],"jnews_single_post":{"subtitle":"","format":"standard","video":"","gallery":"","source_name":"","source_url":"","via_name":"","via_url":"","override":[{"template":"1","single_blog_custom":"","parallax":"1","fullscreen":"1","layout":"right-sidebar","sidebar":"default-sidebar","second_sidebar":"default-sidebar","sticky_sidebar":"1","share_position":"top","share_float_style":"share-monocrhome","show_share_counter":"1","show_view_counter":"1","show_featured":"1","show_post_meta":"1","show_post_author":"1","show_post_author_image":"1","show_post_date":"1","post_date_format":"default","post_date_format_custom":"Y\/m\/d","show_post_category":"1","post_reading_time_wpm":"300","zoom_button_out_step":"2","zoom_button_in_step":"3","show_post_tag":"1","show_prev_next_post":"1","show_popup_post":"1","number_popup_post":"1"}],"image_override":[{"single_post_thumbnail_size":"crop-500","single_post_gallery_size":"crop-500"}],"trending_post_position":"meta","trending_post_label":"Trending","sponsored_post_label":"Sponsorowany przez","sponsored_post_name":"","sponsored_post_url":"","sponsored_post_logo":"","sponsored_post_desc":""},"jnews_primary_category":{"id":""},"footnotes":""},"categories":[12,17],"tags":[36,35,38,20,29,37,22,26],"class_list":["post-845","post","type-post","status-publish","format-standard","has-post-thumbnail","hentry","category-dla-dzieci","category-dla-uczniow","tag-cenne","tag-ekskluzywne","tag-klasyka","tag-ksiazki","tag-lektury","tag-piekne-wydanie","tag-prezent","tag-swieta"],"acf":[],"_links":{"self":[{"href":"https:\/\/www.greg.pl\/blog\/wp-json\/wp\/v2\/posts\/845","targetHints":{"allow":["GET"]}}],"collection":[{"href":"https:\/\/www.greg.pl\/blog\/wp-json\/wp\/v2\/posts"}],"about":[{"href":"https:\/\/www.greg.pl\/blog\/wp-json\/wp\/v2\/types\/post"}],"author":[{"embeddable":true,"href":"https:\/\/www.greg.pl\/blog\/wp-json\/wp\/v2\/users\/4"}],"replies":[{"embeddable":true,"href":"https:\/\/www.greg.pl\/blog\/wp-json\/wp\/v2\/comments?post=845"}],"version-history":[{"count":11,"href":"https:\/\/www.greg.pl\/blog\/wp-json\/wp\/v2\/posts\/845\/revisions"}],"predecessor-version":[{"id":930,"href":"https:\/\/www.greg.pl\/blog\/wp-json\/wp\/v2\/posts\/845\/revisions\/930"}],"wp:featuredmedia":[{"embeddable":true,"href":"https:\/\/www.greg.pl\/blog\/wp-json\/wp\/v2\/media\/928"}],"wp:attachment":[{"href":"https:\/\/www.greg.pl\/blog\/wp-json\/wp\/v2\/media?parent=845"}],"wp:term":[{"taxonomy":"category","embeddable":true,"href":"https:\/\/www.greg.pl\/blog\/wp-json\/wp\/v2\/categories?post=845"},{"taxonomy":"post_tag","embeddable":true,"href":"https:\/\/www.greg.pl\/blog\/wp-json\/wp\/v2\/tags?post=845"}],"curies":[{"name":"wp","href":"https:\/\/api.w.org\/{rel}","templated":true}]}}